{"id":1836,"date":"2011-06-03T08:05:08","date_gmt":"2011-06-03T08:05:08","guid":{"rendered":"http:\/\/emigracioncastellanayleonesa.es\/?p=1836"},"modified":"2023-07-04T09:04:42","modified_gmt":"2023-07-04T09:04:42","slug":"elementor-1836","status":"publish","type":"post","link":"http:\/\/emigracioncastellanayleonesa.es\/index.php\/2011\/06\/03\/elementor-1836\/","title":{"rendered":"Presentaci\u00f3n del IV Premio Memoria de la Emigraci\u00f3n Castellana y Leonesa en Cadena Campus"},"content":{"rendered":"\t\t<div data-elementor-type=\"wp-post\" data-elementor-id=\"1836\" class=\"elementor elementor-1836\" data-elementor-post-type=\"post\">\n\t\t\t\t\t\t<section class=\"elementor-section elementor-top-section elementor-element elementor-element-6f1ee24 elementor-section-boxed elementor-section-height-default elementor-section-height-default\" data-id=\"6f1ee24\" data-element_type=\"section\">\n\t\t\t\t\t\t<div class=\"elementor-container elementor-column-gap-default\">\n\t\t\t\t\t<div class=\"elementor-column elementor-col-100 elementor-top-column elementor-element elementor-element-f18de19\" data-id=\"f18de19\" data-element_type=\"column\">\n\t\t\t<div class=\"elementor-widget-wrap elementor-element-populated\">\n\t\t\t\t\t\t<div class=\"elementor-element elementor-element-e492da3 elementor-widget elementor-widget-spacer\" data-id=\"e492da3\" data-element_type=\"widget\" data-widget_type=\"spacer.default\">\n\t\t\t\t<div class=\"elementor-widget-container\">\n\t\t\t<style>\/*! elementor - v3.22.0 - 17-06-2024 *\/\n.elementor-column .elementor-spacer-inner{height:var(--spacer-size)}.e-con{--container-widget-width:100%}.e-con-inner>.elementor-widget-spacer,.e-con>.elementor-widget-spacer{width:var(--container-widget-width,var(--spacer-size));--align-self:var(--container-widget-align-self,initial);--flex-shrink:0}.e-con-inner>.elementor-widget-spacer>.elementor-widget-container,.e-con>.elementor-widget-spacer>.elementor-widget-container{height:100%;width:100%}.e-con-inner>.elementor-widget-spacer>.elementor-widget-container>.elementor-spacer,.e-con>.elementor-widget-spacer>.elementor-widget-container>.elementor-spacer{height:100%}.e-con-inner>.elementor-widget-spacer>.elementor-widget-container>.elementor-spacer>.elementor-spacer-inner,.e-con>.elementor-widget-spacer>.elementor-widget-container>.elementor-spacer>.elementor-spacer-inner{height:var(--container-widget-height,var(--spacer-size))}.e-con-inner>.elementor-widget-spacer.elementor-widget-empty,.e-con>.elementor-widget-spacer.elementor-widget-empty{position:relative;min-height:22px;min-width:22px}.e-con-inner>.elementor-widget-spacer.elementor-widget-empty .elementor-widget-empty-icon,.e-con>.elementor-widget-spacer.elementor-widget-empty .elementor-widget-empty-icon{position:absolute;top:0;bottom:0;left:0;right:0;margin:auto;padding:0;width:22px;height:22px}<\/style>\t\t<div class=\"elementor-spacer\">\n\t\t\t<div class=\"elementor-spacer-inner\"><\/div>\n\t\t<\/div>\n\t\t\t\t<\/div>\n\t\t\t\t<\/div>\n\t\t\t\t\t<\/div>\n\t\t<\/div>\n\t\t\t\t\t<\/div>\n\t\t<\/section>\n\t\t\t\t<section class=\"elementor-section elementor-top-section elementor-element elementor-element-3466395 elementor-section-boxed elementor-section-height-default elementor-section-height-default\" data-id=\"3466395\" data-element_type=\"section\">\n\t\t\t\t\t\t<div class=\"elementor-container elementor-column-gap-default\">\n\t\t\t\t\t<div class=\"elementor-column elementor-col-100 elementor-top-column elementor-element elementor-element-a634e2e\" data-id=\"a634e2e\" data-element_type=\"column\">\n\t\t\t<div class=\"elementor-widget-wrap elementor-element-populated\">\n\t\t\t\t\t\t<div class=\"elementor-element elementor-element-a705176 elementor-widget elementor-widget-text-editor\" data-id=\"a705176\" data-element_type=\"widget\" data-widget_type=\"text-editor.default\">\n\t\t\t\t<div class=\"elementor-widget-container\">\n\t\t\t<style>\/*! elementor - v3.22.0 - 17-06-2024 *\/\n.elementor-widget-text-editor.elementor-drop-cap-view-stacked .elementor-drop-cap{background-color:#69727d;color:#fff}.elementor-widget-text-editor.elementor-drop-cap-view-framed .elementor-drop-cap{color:#69727d;border:3px solid;background-color:transparent}.elementor-widget-text-editor:not(.elementor-drop-cap-view-default) .elementor-drop-cap{margin-top:8px}.elementor-widget-text-editor:not(.elementor-drop-cap-view-default) .elementor-drop-cap-letter{width:1em;height:1em}.elementor-widget-text-editor .elementor-drop-cap{float:left;text-align:center;line-height:1;font-size:50px}.elementor-widget-text-editor .elementor-drop-cap-letter{display:inline-block}<\/style>\t\t\t\t<p><!-- wp:paragraph --><\/p>\n<h3 class=\"Estilo6\"><strong>Presentaci\u00f3n del IV Premio Memoria de la Emigraci\u00f3n Castellana y Leonesa en Cadena Campus<\/strong><\/h3>\n<p>El&nbsp;<strong>2 de junio, a las 18:00<\/strong>&nbsp;(hora local), se present\u00f3 en directo el IV Premio Memoria de la Emigraci\u00f3n Castellana y Leonesa a trav\u00e9s de la Cadena Campus, la televisi\u00f3n educativa por Internet de la UNED.<\/p>\n<p>El premio ha sido convocado por la Junta de Castilla y Le\u00f3n, la Fundaci\u00f3n para la Cooperaci\u00f3n y la Ciudadan\u00eda de Castilla y Le\u00f3n, el Archivo de Escritura Popular Bajo Duero y el Centro Asociado de la UNED en Zamora.<\/p>\n<p>La presentaci\u00f3n corri\u00f3 a cargo del Dr. D.&nbsp;<strong>Juan Andr\u00e9s Blanco Rodr\u00edguez<\/strong>, catedr\u00e1tico de Historia Contempor\u00e1nea, director de la UNED y del Centro de Estudios de la Emigraci\u00f3n Castellana y Leonesa.<\/p>\n<p>La presentaci\u00f3n se puede consultar a trav\u00e9s del siguiente enlace:<br><a title=\"Este enlace externo se abrir\u00e1 en una nueva ventana.\" href=\"http:\/\/www.intecca.uned.es\/noticia.php?id=451\" target=\"_blank\" rel=\"noopener\">http:\/\/www.intecca.uned.es\/noticia.php?id=451<\/a><\/p>\n<p>&nbsp;&nbsp;&nbsp;&nbsp;&nbsp;&nbsp;&nbsp;&nbsp;&nbsp;&nbsp;&nbsp;&nbsp;&nbsp;&nbsp;&nbsp;&nbsp;&nbsp;&nbsp;&nbsp;&nbsp;&nbsp;&nbsp;<img fetchpriority=\"high\" decoding=\"async\" src=\"http:\/\/www.emigracioncastellanayleonesa.es\/Fotos%20Web\/11.jpg\" width=\"400\" height=\"300\"><\/p>\n<p><!-- \/wp:paragraph --><\/p>\t\t\t\t\t\t<\/div>\n\t\t\t\t<\/div>\n\t\t\t\t\t<\/div>\n\t\t<\/div>\n\t\t\t\t\t<\/div>\n\t\t<\/section>\n\t\t\t\t<\/div>\n\t\t","protected":false},"excerpt":{"rendered":"<p>Presentaci\u00f3n del IV Premio Memoria de la Emigraci\u00f3n Castellana y Leonesa en Cadena Campus El&nbsp;2 de junio, a las 18:00&nbsp;(hora local), se present\u00f3 en directo el IV Premio Memoria de la Emigraci\u00f3n Castellana y Leonesa a trav\u00e9s de la Cadena Campus, la televisi\u00f3n educativa por Internet de la UNED. El premio ha sido convocado por [&hellip;]<\/p>\n","protected":false},"author":4,"featured_media":0,"comment_status":"closed","ping_status":"closed","sticky":false,"template":"","format":"standard","meta":[],"categories":[10],"tags":[],"_links":{"self":[{"href":"http:\/\/emigracioncastellanayleonesa.es\/index.php\/wp-json\/wp\/v2\/posts\/1836"}],"collection":[{"href":"http:\/\/emigracioncastellanayleonesa.es\/index.php\/wp-json\/wp\/v2\/posts"}],"about":[{"href":"http:\/\/emigracioncastellanayleonesa.es\/index.php\/wp-json\/wp\/v2\/types\/post"}],"author":[{"embeddable":true,"href":"http:\/\/emigracioncastellanayleonesa.es\/index.php\/wp-json\/wp\/v2\/users\/4"}],"replies":[{"embeddable":true,"href":"http:\/\/emigracioncastellanayleonesa.es\/index.php\/wp-json\/wp\/v2\/comments?post=1836"}],"version-history":[{"count":13,"href":"http:\/\/emigracioncastellanayleonesa.es\/index.php\/wp-json\/wp\/v2\/posts\/1836\/revisions"}],"predecessor-version":[{"id":1960,"href":"http:\/\/emigracioncastellanayleonesa.es\/index.php\/wp-json\/wp\/v2\/posts\/1836\/revisions\/1960"}],"wp:attachment":[{"href":"http:\/\/emigracioncastellanayleonesa.es\/index.php\/wp-json\/wp\/v2\/media?parent=1836"}],"wp:term":[{"taxonomy":"category","embeddable":true,"href":"http:\/\/emigracioncastellanayleonesa.es\/index.php\/wp-json\/wp\/v2\/categories?post=1836"},{"taxonomy":"post_tag","embeddable":true,"href":"http:\/\/emigracioncastellanayleonesa.es\/index.php\/wp-json\/wp\/v2\/tags?post=1836"}],"curies":[{"name":"wp","href":"https:\/\/api.w.org\/{rel}","templated":true}]}}