{"id":2192,"date":"2023-10-16T09:23:07","date_gmt":"2023-10-16T09:23:07","guid":{"rendered":"http:\/\/emigracioncastellanayleonesa.es\/?p=2192"},"modified":"2023-10-16T10:16:21","modified_gmt":"2023-10-16T10:16:21","slug":"presentacion-pagina-web-del-centro-de-las-migraciones-de-castilla-y-leon","status":"publish","type":"post","link":"https:\/\/emigracioncastellanayleonesa.es\/index.php\/2023\/10\/16\/presentacion-pagina-web-del-centro-de-las-migraciones-de-castilla-y-leon\/","title":{"rendered":"Presentaci\u00f3n p\u00e1gina web del Centro de las migraciones de Castilla y Le\u00f3n"},"content":{"rendered":"\t\t<div data-elementor-type=\"wp-post\" data-elementor-id=\"2192\" class=\"elementor elementor-2192\" data-elementor-post-type=\"post\">\n\t\t\t\t\t\t<section class=\"elementor-section elementor-top-section elementor-element elementor-element-8d20a02 elementor-section-boxed elementor-section-height-default elementor-section-height-default\" data-id=\"8d20a02\" data-element_type=\"section\">\n\t\t\t\t\t\t<div class=\"elementor-container elementor-column-gap-default\">\n\t\t\t\t\t<div class=\"elementor-column elementor-col-100 elementor-top-column elementor-element elementor-element-c0ff369\" data-id=\"c0ff369\" data-element_type=\"column\">\n\t\t\t<div class=\"elementor-widget-wrap elementor-element-populated\">\n\t\t\t\t\t\t<div class=\"elementor-element elementor-element-f8fcd4a elementor-widget elementor-widget-spacer\" data-id=\"f8fcd4a\" data-element_type=\"widget\" data-widget_type=\"spacer.default\">\n\t\t\t\t<div class=\"elementor-widget-container\">\n\t\t\t<style>\/*! elementor - v3.22.0 - 17-06-2024 *\/\n.elementor-column .elementor-spacer-inner{height:var(--spacer-size)}.e-con{--container-widget-width:100%}.e-con-inner>.elementor-widget-spacer,.e-con>.elementor-widget-spacer{width:var(--container-widget-width,var(--spacer-size));--align-self:var(--container-widget-align-self,initial);--flex-shrink:0}.e-con-inner>.elementor-widget-spacer>.elementor-widget-container,.e-con>.elementor-widget-spacer>.elementor-widget-container{height:100%;width:100%}.e-con-inner>.elementor-widget-spacer>.elementor-widget-container>.elementor-spacer,.e-con>.elementor-widget-spacer>.elementor-widget-container>.elementor-spacer{height:100%}.e-con-inner>.elementor-widget-spacer>.elementor-widget-container>.elementor-spacer>.elementor-spacer-inner,.e-con>.elementor-widget-spacer>.elementor-widget-container>.elementor-spacer>.elementor-spacer-inner{height:var(--container-widget-height,var(--spacer-size))}.e-con-inner>.elementor-widget-spacer.elementor-widget-empty,.e-con>.elementor-widget-spacer.elementor-widget-empty{position:relative;min-height:22px;min-width:22px}.e-con-inner>.elementor-widget-spacer.elementor-widget-empty .elementor-widget-empty-icon,.e-con>.elementor-widget-spacer.elementor-widget-empty .elementor-widget-empty-icon{position:absolute;top:0;bottom:0;left:0;right:0;margin:auto;padding:0;width:22px;height:22px}<\/style>\t\t<div class=\"elementor-spacer\">\n\t\t\t<div class=\"elementor-spacer-inner\"><\/div>\n\t\t<\/div>\n\t\t\t\t<\/div>\n\t\t\t\t<\/div>\n\t\t\t\t\t<\/div>\n\t\t<\/div>\n\t\t\t\t\t<\/div>\n\t\t<\/section>\n\t\t\t\t<section class=\"elementor-section elementor-top-section elementor-element elementor-element-87a42e5 elementor-section-boxed elementor-section-height-default elementor-section-height-default\" data-id=\"87a42e5\" data-element_type=\"section\">\n\t\t\t\t\t\t<div class=\"elementor-container elementor-column-gap-default\">\n\t\t\t\t\t<div class=\"elementor-column elementor-col-100 elementor-top-column elementor-element elementor-element-a5f26a8\" data-id=\"a5f26a8\" data-element_type=\"column\">\n\t\t\t<div class=\"elementor-widget-wrap elementor-element-populated\">\n\t\t\t\t\t\t<div class=\"elementor-element elementor-element-beb6574 elementor-widget elementor-widget-spacer\" data-id=\"beb6574\" data-element_type=\"widget\" data-widget_type=\"spacer.default\">\n\t\t\t\t<div class=\"elementor-widget-container\">\n\t\t\t\t\t<div class=\"elementor-spacer\">\n\t\t\t<div class=\"elementor-spacer-inner\"><\/div>\n\t\t<\/div>\n\t\t\t\t<\/div>\n\t\t\t\t<\/div>\n\t\t\t\t\t<\/div>\n\t\t<\/div>\n\t\t\t\t\t<\/div>\n\t\t<\/section>\n\t\t\t\t<section class=\"elementor-section elementor-top-section elementor-element elementor-element-35061a6 elementor-section-boxed elementor-section-height-default elementor-section-height-default\" data-id=\"35061a6\" data-element_type=\"section\">\n\t\t\t\t\t\t<div class=\"elementor-container elementor-column-gap-default\">\n\t\t\t\t\t<div class=\"elementor-column elementor-col-100 elementor-top-column elementor-element elementor-element-64420bd\" data-id=\"64420bd\" data-element_type=\"column\">\n\t\t\t<div class=\"elementor-widget-wrap elementor-element-populated\">\n\t\t\t\t\t\t<div class=\"elementor-element elementor-element-f8bbb34 elementor-widget elementor-widget-heading\" data-id=\"f8bbb34\" data-element_type=\"widget\" data-widget_type=\"heading.default\">\n\t\t\t\t<div class=\"elementor-widget-container\">\n\t\t\t<style>\/*! elementor - v3.22.0 - 17-06-2024 *\/\n.elementor-heading-title{padding:0;margin:0;line-height:1}.elementor-widget-heading .elementor-heading-title[class*=elementor-size-]>a{color:inherit;font-size:inherit;line-height:inherit}.elementor-widget-heading .elementor-heading-title.elementor-size-small{font-size:15px}.elementor-widget-heading .elementor-heading-title.elementor-size-medium{font-size:19px}.elementor-widget-heading .elementor-heading-title.elementor-size-large{font-size:29px}.elementor-widget-heading .elementor-heading-title.elementor-size-xl{font-size:39px}.elementor-widget-heading .elementor-heading-title.elementor-size-xxl{font-size:59px}<\/style><h2 class=\"elementor-heading-title elementor-size-default\">Presentaci\u00f3n p\u00e1gina web del Centro de las migraciones de Castilla y Le\u00f3n<\/h2>\t\t<\/div>\n\t\t\t\t<\/div>\n\t\t\t\t\t<\/div>\n\t\t<\/div>\n\t\t\t\t\t<\/div>\n\t\t<\/section>\n\t\t\t\t<section class=\"elementor-section elementor-top-section elementor-element elementor-element-40cbd90 elementor-section-boxed elementor-section-height-default elementor-section-height-default\" data-id=\"40cbd90\" data-element_type=\"section\">\n\t\t\t\t\t\t<div class=\"elementor-container elementor-column-gap-default\">\n\t\t\t\t\t<div class=\"elementor-column elementor-col-100 elementor-top-column elementor-element elementor-element-777c499\" data-id=\"777c499\" data-element_type=\"column\">\n\t\t\t<div class=\"elementor-widget-wrap elementor-element-populated\">\n\t\t\t\t\t\t<div class=\"elementor-element elementor-element-07a0f3d elementor-widget elementor-widget-text-editor\" data-id=\"07a0f3d\" data-element_type=\"widget\" data-widget_type=\"text-editor.default\">\n\t\t\t\t<div class=\"elementor-widget-container\">\n\t\t\t<style>\/*! elementor - v3.22.0 - 17-06-2024 *\/\n.elementor-widget-text-editor.elementor-drop-cap-view-stacked .elementor-drop-cap{background-color:#69727d;color:#fff}.elementor-widget-text-editor.elementor-drop-cap-view-framed .elementor-drop-cap{color:#69727d;border:3px solid;background-color:transparent}.elementor-widget-text-editor:not(.elementor-drop-cap-view-default) .elementor-drop-cap{margin-top:8px}.elementor-widget-text-editor:not(.elementor-drop-cap-view-default) .elementor-drop-cap-letter{width:1em;height:1em}.elementor-widget-text-editor .elementor-drop-cap{float:left;text-align:center;line-height:1;font-size:50px}.elementor-widget-text-editor .elementor-drop-cap-letter{display:inline-block}<\/style>\t\t\t\t<p>Juan Andr\u00e9s Blanco y Arsenio Dacosta, director y subdirector de la C\u00e1tedra de Poblaci\u00f3n, Vinculaci\u00f3n y Desarrollo de la UNED, han presentado, en el contexto del II Congreso Internacional de Centros de Castilla y Le\u00f3n en el Exterior, desarrollado en Salamanca entre los d\u00edas 13 y 15 de octubre, la p\u00e1gina web del Centro de las Migraciones de Castilla y Le\u00f3n <a href=\"https:\/\/centromigracionescyl.org\/\">https:\/\/centromigracionescyl.org\/<\/a>, donde se recoge un excepcional contenido sobre el proceso y las vivencias de los emigrantes castellanos y leoneses en el exterior y en el resto de provincias espa\u00f1olas.<\/p>\t\t\t\t\t\t<\/div>\n\t\t\t\t<\/div>\n\t\t\t\t\t<\/div>\n\t\t<\/div>\n\t\t\t\t\t<\/div>\n\t\t<\/section>\n\t\t\t\t<section class=\"elementor-section elementor-top-section elementor-element elementor-element-321e599 elementor-section-boxed elementor-section-height-default elementor-section-height-default\" data-id=\"321e599\" data-element_type=\"section\">\n\t\t\t\t\t\t<div class=\"elementor-container elementor-column-gap-default\">\n\t\t\t\t\t<div class=\"elementor-column elementor-col-100 elementor-top-column elementor-element elementor-element-d6d7d4e\" data-id=\"d6d7d4e\" data-element_type=\"column\">\n\t\t\t<div class=\"elementor-widget-wrap elementor-element-populated\">\n\t\t\t\t\t\t<div class=\"elementor-element elementor-element-2e83e62 elementor-widget elementor-widget-image\" data-id=\"2e83e62\" data-element_type=\"widget\" data-widget_type=\"image.default\">\n\t\t\t\t<div class=\"elementor-widget-container\">\n\t\t\t<style>\/*! elementor - v3.22.0 - 17-06-2024 *\/\n.elementor-widget-image{text-align:center}.elementor-widget-image a{display:inline-block}.elementor-widget-image a img[src$=\".svg\"]{width:48px}.elementor-widget-image img{vertical-align:middle;display:inline-block}<\/style>\t\t\t\t\t\t\t\t\t\t<img fetchpriority=\"high\" decoding=\"async\" width=\"768\" height=\"576\" src=\"https:\/\/emigracioncastellanayleonesa.es\/wp-content\/uploads\/2023\/10\/393398349_804482785018137_8326112037973175306_n-768x576.jpg\" class=\"attachment-medium_large size-medium_large wp-image-2203\" alt=\"\" srcset=\"https:\/\/emigracioncastellanayleonesa.es\/wp-content\/uploads\/2023\/10\/393398349_804482785018137_8326112037973175306_n-768x576.jpg 768w, https:\/\/emigracioncastellanayleonesa.es\/wp-content\/uploads\/2023\/10\/393398349_804482785018137_8326112037973175306_n-300x225.jpg 300w, https:\/\/emigracioncastellanayleonesa.es\/wp-content\/uploads\/2023\/10\/393398349_804482785018137_8326112037973175306_n-1024x768.jpg 1024w, https:\/\/emigracioncastellanayleonesa.es\/wp-content\/uploads\/2023\/10\/393398349_804482785018137_8326112037973175306_n-1536x1152.jpg 1536w, https:\/\/emigracioncastellanayleonesa.es\/wp-content\/uploads\/2023\/10\/393398349_804482785018137_8326112037973175306_n.jpg 2048w\" sizes=\"(max-width: 768px) 100vw, 768px\" \/>\t\t\t\t\t\t\t\t\t\t\t\t\t<\/div>\n\t\t\t\t<\/div>\n\t\t\t\t<div class=\"elementor-element elementor-element-aeee009 elementor-widget elementor-widget-image\" data-id=\"aeee009\" data-element_type=\"widget\" data-widget_type=\"image.default\">\n\t\t\t\t<div class=\"elementor-widget-container\">\n\t\t\t\t\t\t\t\t\t\t\t\t\t<img decoding=\"async\" width=\"800\" height=\"380\" src=\"https:\/\/emigracioncastellanayleonesa.es\/wp-content\/uploads\/2023\/10\/Captura-1024x486.png\" class=\"attachment-large size-large wp-image-2198\" alt=\"\" srcset=\"https:\/\/emigracioncastellanayleonesa.es\/wp-content\/uploads\/2023\/10\/Captura-1024x486.png 1024w, https:\/\/emigracioncastellanayleonesa.es\/wp-content\/uploads\/2023\/10\/Captura-300x142.png 300w, https:\/\/emigracioncastellanayleonesa.es\/wp-content\/uploads\/2023\/10\/Captura-768x364.png 768w, https:\/\/emigracioncastellanayleonesa.es\/wp-content\/uploads\/2023\/10\/Captura-1536x729.png 1536w, https:\/\/emigracioncastellanayleonesa.es\/wp-content\/uploads\/2023\/10\/Captura.png 1585w\" sizes=\"(max-width: 800px) 100vw, 800px\" \/>\t\t\t\t\t\t\t\t\t\t\t\t\t<\/div>\n\t\t\t\t<\/div>\n\t\t\t\t\t<\/div>\n\t\t<\/div>\n\t\t\t\t\t<\/div>\n\t\t<\/section>\n\t\t\t\t<section class=\"elementor-section elementor-top-section elementor-element elementor-element-7f2c4a5 elementor-section-boxed elementor-section-height-default elementor-section-height-default\" data-id=\"7f2c4a5\" data-element_type=\"section\">\n\t\t\t\t\t\t<div class=\"elementor-container elementor-column-gap-default\">\n\t\t\t\t\t<div class=\"elementor-column elementor-col-100 elementor-top-column elementor-element elementor-element-31ff799\" data-id=\"31ff799\" data-element_type=\"column\">\n\t\t\t<div class=\"elementor-widget-wrap\">\n\t\t\t\t\t\t\t<\/div>\n\t\t<\/div>\n\t\t\t\t\t<\/div>\n\t\t<\/section>\n\t\t\t\t<section class=\"elementor-section elementor-top-section elementor-element elementor-element-b7e3ac6 elementor-section-boxed elementor-section-height-default elementor-section-height-default\" data-id=\"b7e3ac6\" data-element_type=\"section\">\n\t\t\t\t\t\t<div class=\"elementor-container elementor-column-gap-default\">\n\t\t\t\t\t<div class=\"elementor-column elementor-col-100 elementor-top-column elementor-element elementor-element-7243b60\" data-id=\"7243b60\" data-element_type=\"column\">\n\t\t\t<div class=\"elementor-widget-wrap\">\n\t\t\t\t\t\t\t<\/div>\n\t\t<\/div>\n\t\t\t\t\t<\/div>\n\t\t<\/section>\n\t\t\t\t<\/div>\n\t\t","protected":false},"excerpt":{"rendered":"<p>Presentaci\u00f3n p\u00e1gina web del Centro de las migraciones de Castilla y Le\u00f3n Juan Andr\u00e9s Blanco y Arsenio Dacosta, director y subdirector de la C\u00e1tedra de Poblaci\u00f3n, Vinculaci\u00f3n y Desarrollo de la UNED, han presentado, en el contexto del II Congreso Internacional de Centros de Castilla y Le\u00f3n en el Exterior, desarrollado en Salamanca entre los [&hellip;]<\/p>\n","protected":false},"author":4,"featured_media":0,"comment_status":"closed","ping_status":"closed","sticky":false,"template":"","format":"standard","meta":[],"categories":[10],"tags":[],"_links":{"self":[{"href":"https:\/\/emigracioncastellanayleonesa.es\/index.php\/wp-json\/wp\/v2\/posts\/2192"}],"collection":[{"href":"https:\/\/emigracioncastellanayleonesa.es\/index.php\/wp-json\/wp\/v2\/posts"}],"about":[{"href":"https:\/\/emigracioncastellanayleonesa.es\/index.php\/wp-json\/wp\/v2\/types\/post"}],"author":[{"embeddable":true,"href":"https:\/\/emigracioncastellanayleonesa.es\/index.php\/wp-json\/wp\/v2\/users\/4"}],"replies":[{"embeddable":true,"href":"https:\/\/emigracioncastellanayleonesa.es\/index.php\/wp-json\/wp\/v2\/comments?post=2192"}],"version-history":[{"count":10,"href":"https:\/\/emigracioncastellanayleonesa.es\/index.php\/wp-json\/wp\/v2\/posts\/2192\/revisions"}],"predecessor-version":[{"id":2206,"href":"https:\/\/emigracioncastellanayleonesa.es\/index.php\/wp-json\/wp\/v2\/posts\/2192\/revisions\/2206"}],"wp:attachment":[{"href":"https:\/\/emigracioncastellanayleonesa.es\/index.php\/wp-json\/wp\/v2\/media?parent=2192"}],"wp:term":[{"taxonomy":"category","embeddable":true,"href":"https:\/\/emigracioncastellanayleonesa.es\/index.php\/wp-json\/wp\/v2\/categories?post=2192"},{"taxonomy":"post_tag","embeddable":true,"href":"https:\/\/emigracioncastellanayleonesa.es\/index.php\/wp-json\/wp\/v2\/tags?post=2192"}],"curies":[{"name":"wp","href":"https:\/\/api.w.org\/{rel}","templated":true}]}}